{"id":8557,"date":"2026-04-26T03:16:11","date_gmt":"2026-04-26T03:16:11","guid":{"rendered":"https:\/\/tendencianoticias.com\/?p=8557"},"modified":"2026-04-26T03:19:11","modified_gmt":"2026-04-26T03:19:11","slug":"sheinbaum-condena-violencia-contra-trump-y-llama-al-dialogo","status":"publish","type":"post","link":"https:\/\/tendencianoticias.com\/index.php\/2026\/04\/26\/sheinbaum-condena-violencia-contra-trump-y-llama-al-dialogo\/","title":{"rendered":"Sheinbaum condena violencia contra Trump y llama al di\u00e1logo"},"content":{"rendered":"<p data-start=\"74\" data-end=\"374\">En una postura firme sobre la pol\u00edtica exterior de M\u00e9xico y la estabilidad regional, <strong>la Presidenta <span class=\"hover:entity-accent entity-underline inline cursor-pointer align-baseline\"><span class=\"whitespace-normal\">Claudia Sheinbaum Pardo<\/span><\/span> rechaz\u00f3 el atentado contra el exmandatario estadounidense <span class=\"hover:entity-accent entity-underline inline cursor-pointer align-baseline\"><span class=\"whitespace-normal\">Donald Trump<\/span><\/span>, dejando claro que la violencia no tiene cabida en la vida p\u00fablica.<\/strong><\/p>\n<p data-start=\"376\" data-end=\"852\">A trav\u00e9s de sus canales oficiales y en su habitual encuentro con medios, la mandataria enfatiz\u00f3 que el uso de la fuerza es inaceptable en cualquier sociedad contempor\u00e1nea. \u201cLa violencia no debe ser nunca el camino, ni en la pol\u00edtica ni en ninguna otra faceta de la vida p\u00fablica. Nuestra solidaridad est\u00e1 con la paz y el respeto mutuo\u201d, afirm\u00f3 Sheinbaum, subrayando que las diferencias deben resolverse exclusivamente mediante mecanismos democr\u00e1ticos como el voto y el di\u00e1logo.<\/p>\n<h2 data-start=\"854\" data-end=\"899\"><strong data-start=\"854\" data-end=\"899\">Relaci\u00f3n bilateral y estabilidad regional<\/strong><\/h2>\n<p data-start=\"901\" data-end=\"1274\">M\u00e1s all\u00e1 de la condena directa, la presidenta mexicana contextualiz\u00f3 su postura en la importancia de preservar una relaci\u00f3n s\u00f3lida y respetuosa con <span class=\"hover:entity-accent entity-underline inline cursor-pointer align-baseline\"><span class=\"whitespace-normal\">Estados Unidos<\/span><\/span>. En un entorno internacional marcado por tensiones, insisti\u00f3 en que la estabilidad democr\u00e1tica del pa\u00eds vecino es clave para el equilibrio, la seguridad y el desarrollo de toda la regi\u00f3n.<\/p>\n<p data-start=\"1276\" data-end=\"1602\">Analistas en pol\u00edtica internacional consideran que este posicionamiento se alinea con el principio de \u201ccolaboraci\u00f3n sin subordinaci\u00f3n\u201d, promovido por la actual administraci\u00f3n. Bajo esta visi\u00f3n, M\u00e9xico busca mantener una relaci\u00f3n de cooperaci\u00f3n con otras naciones, sin renunciar a su soberan\u00eda ni a sus principios diplom\u00e1ticos.<\/p>\n<h2 data-start=\"1604\" data-end=\"1640\"><strong data-start=\"1604\" data-end=\"1640\">M\u00e9xico apuesta por la diplomacia<\/strong><\/h2>\n<p data-start=\"1642\" data-end=\"1998\">Al deslindarse de cualquier acto que atente contra la integridad de actores pol\u00edticos extranjeros, el gobierno mexicano refuerza su imagen como promotor de la paz y la resoluci\u00f3n pac\u00edfica de conflictos. La declaraci\u00f3n de Sheinbaum tambi\u00e9n se suma a pronunciamientos de l\u00edderes internacionales que han alertado sobre los riesgos de la polarizaci\u00f3n pol\u00edtica.<\/p>\n<p data-start=\"2000\" data-end=\"2215\" data-is-last-node=\"\" data-is-only-node=\"\">En ese sentido, el mensaje de M\u00e9xico es claro: la defensa de las instituciones democr\u00e1ticas y el respeto entre naciones deben prevalecer como una prioridad global, m\u00e1s all\u00e1 de diferencias ideol\u00f3gicas o coyunturales.<\/p>\n<p>&nbsp;<\/p>\n<blockquote class=\"twitter-tweet\">\n<p dir=\"ltr\" lang=\"es\">Qu\u00e9 bueno que el presidente Trump y su esposa se encuentren bien, tras los recientes acontecimientos. Le enviamos nuestro respeto. La violencia no debe ser nunca el camino.<\/p>\n<p>\u2014 Claudia Sheinbaum Pardo (@Claudiashein) <a href=\"https:\/\/twitter.com\/Claudiashein\/status\/2048217763106210209?ref_src=twsrc%5Etfw\">April 26, 2026<\/a><\/p><\/blockquote>\n<p><script async src=\"https:\/\/platform.twitter.com\/widgets.js\" charset=\"utf-8\"><\/script><\/p>\n","protected":false},"excerpt":{"rendered":"<p>En una postura firme sobre la pol\u00edtica exterior de M\u00e9xico y la estabilidad regional, la Presidenta Claudia Sheinbaum Pardo rechaz\u00f3 el atentado contra el exmandatario estadounidense Donald Trump, dejando claro que la violencia no tiene cabida en la vida p\u00fablica. A trav\u00e9s de sus canales oficiales y en su habitual encuentro con medios, la mandataria [&hellip;]<\/p>\n","protected":false},"author":4,"featured_media":8560,"comment_status":"closed","ping_status":"closed","sticky":false,"template":"","format":"standard","meta":{"inline_featured_image":false,"_jetpack_memberships_contains_paid_content":false,"footnotes":""},"categories":[144],"tags":[37,185,1021],"class_list":["post-8557","post","type-post","status-publish","format-standard","has-post-thumbnail","hentry","category-nacional","tag-claudia-sheinbaum","tag-donald-trump","tag-tiroteo"],"yoast_head":"<!-- This site is optimized with the Yoast SEO plugin v27.2 - https:\/\/yoast.com\/product\/yoast-seo-wordpress\/ -->\n<title>Sheinbaum condena violencia contra Trump y llama al di\u00e1logo - Tendencias Noticias<\/title>\n<meta name=\"robots\" content=\"index, follow, max-snippet:-1, max-image-preview:large, max-video-preview:-1\" \/>\n<link rel=\"canonical\" href=\"https:\/\/tendencianoticias.com\/index.php\/2026\/04\/26\/sheinbaum-condena-violencia-contra-trump-y-llama-al-dialogo\/\" \/>\n<meta property=\"og:locale\" content=\"es_MX\" \/>\n<meta property=\"og:type\" content=\"article\" \/>\n<meta property=\"og:title\" content=\"Sheinbaum condena violencia contra Trump y llama al di\u00e1logo - Tendencias Noticias\" \/>\n<meta property=\"og:description\" content=\"En una postura firme sobre la pol\u00edtica exterior de M\u00e9xico y la estabilidad regional, la Presidenta Claudia Sheinbaum Pardo rechaz\u00f3 el atentado contra el exmandatario estadounidense Donald Trump, dejando claro que la violencia no tiene cabida en la vida p\u00fablica. A trav\u00e9s de sus canales oficiales y en su habitual encuentro con medios, la mandataria [&hellip;]\" \/>\n<meta property=\"og:url\" content=\"https:\/\/tendencianoticias.com\/index.php\/2026\/04\/26\/sheinbaum-condena-violencia-contra-trump-y-llama-al-dialogo\/\" \/>\n<meta property=\"og:site_name\" content=\"Tendencias Noticias\" \/>\n<meta property=\"article:publisher\" content=\"https:\/\/www.facebook.com\/TNnoticiasMX\" \/>\n<meta property=\"article:published_time\" content=\"2026-04-26T03:16:11+00:00\" \/>\n<meta property=\"article:modified_time\" content=\"2026-04-26T03:19:11+00:00\" \/>\n<meta property=\"og:image\" content=\"https:\/\/tendencianoticias.com\/wp-content\/uploads\/2026\/04\/claudia-sheinbaum_2.png\" \/>\n\t<meta property=\"og:image:width\" content=\"1200\" \/>\n\t<meta property=\"og:image:height\" content=\"630\" \/>\n\t<meta property=\"og:image:type\" content=\"image\/png\" \/>\n<meta name=\"author\" content=\"Elsy\" \/>\n<meta name=\"twitter:card\" content=\"summary_large_image\" \/>\n<meta name=\"twitter:creator\" content=\"@TNnoticiasMx\" \/>\n<meta name=\"twitter:site\" content=\"@TNnoticiasMx\" \/>\n<meta name=\"twitter:label1\" content=\"Escrito por\" \/>\n\t<meta name=\"twitter:data1\" content=\"Elsy\" \/>\n\t<meta name=\"twitter:label2\" content=\"Tiempo de lectura\" \/>\n\t<meta name=\"twitter:data2\" content=\"2 minutos\" \/>\n<script type=\"application\/ld+json\" class=\"yoast-schema-graph\">{\"@context\":\"https:\/\/schema.org\",\"@graph\":[{\"@type\":\"Article\",\"@id\":\"https:\/\/tendencianoticias.com\/index.php\/2026\/04\/26\/sheinbaum-condena-violencia-contra-trump-y-llama-al-dialogo\/#article\",\"isPartOf\":{\"@id\":\"https:\/\/tendencianoticias.com\/index.php\/2026\/04\/26\/sheinbaum-condena-violencia-contra-trump-y-llama-al-dialogo\/\"},\"author\":{\"name\":\"Elsy\",\"@id\":\"https:\/\/tendencianoticias.com\/#\/schema\/person\/1a9b5fc0e6a9f83086a0e0cfc2c80246\"},\"headline\":\"Sheinbaum condena violencia contra Trump y llama al di\u00e1logo\",\"datePublished\":\"2026-04-26T03:16:11+00:00\",\"dateModified\":\"2026-04-26T03:19:11+00:00\",\"mainEntityOfPage\":{\"@id\":\"https:\/\/tendencianoticias.com\/index.php\/2026\/04\/26\/sheinbaum-condena-violencia-contra-trump-y-llama-al-dialogo\/\"},\"wordCount\":396,\"publisher\":{\"@id\":\"https:\/\/tendencianoticias.com\/#organization\"},\"image\":{\"@id\":\"https:\/\/tendencianoticias.com\/index.php\/2026\/04\/26\/sheinbaum-condena-violencia-contra-trump-y-llama-al-dialogo\/#primaryimage\"},\"thumbnailUrl\":\"https:\/\/tendencianoticias.com\/wp-content\/uploads\/2026\/04\/claudia-sheinbaum_2.png\",\"keywords\":[\"claudia sheinbaum\",\"Donald Trump\",\"Tiroteo\"],\"articleSection\":[\"Nacional\"],\"inLanguage\":\"es\"},{\"@type\":\"WebPage\",\"@id\":\"https:\/\/tendencianoticias.com\/index.php\/2026\/04\/26\/sheinbaum-condena-violencia-contra-trump-y-llama-al-dialogo\/\",\"url\":\"https:\/\/tendencianoticias.com\/index.php\/2026\/04\/26\/sheinbaum-condena-violencia-contra-trump-y-llama-al-dialogo\/\",\"name\":\"Sheinbaum condena violencia contra Trump y llama al di\u00e1logo - Tendencias Noticias\",\"isPartOf\":{\"@id\":\"https:\/\/tendencianoticias.com\/#website\"},\"primaryImageOfPage\":{\"@id\":\"https:\/\/tendencianoticias.com\/index.php\/2026\/04\/26\/sheinbaum-condena-violencia-contra-trump-y-llama-al-dialogo\/#primaryimage\"},\"image\":{\"@id\":\"https:\/\/tendencianoticias.com\/index.php\/2026\/04\/26\/sheinbaum-condena-violencia-contra-trump-y-llama-al-dialogo\/#primaryimage\"},\"thumbnailUrl\":\"https:\/\/tendencianoticias.com\/wp-content\/uploads\/2026\/04\/claudia-sheinbaum_2.png\",\"datePublished\":\"2026-04-26T03:16:11+00:00\",\"dateModified\":\"2026-04-26T03:19:11+00:00\",\"breadcrumb\":{\"@id\":\"https:\/\/tendencianoticias.com\/index.php\/2026\/04\/26\/sheinbaum-condena-violencia-contra-trump-y-llama-al-dialogo\/#breadcrumb\"},\"inLanguage\":\"es\",\"potentialAction\":[{\"@type\":\"ReadAction\",\"target\":[\"https:\/\/tendencianoticias.com\/index.php\/2026\/04\/26\/sheinbaum-condena-violencia-contra-trump-y-llama-al-dialogo\/\"]}]},{\"@type\":\"ImageObject\",\"inLanguage\":\"es\",\"@id\":\"https:\/\/tendencianoticias.com\/index.php\/2026\/04\/26\/sheinbaum-condena-violencia-contra-trump-y-llama-al-dialogo\/#primaryimage\",\"url\":\"https:\/\/tendencianoticias.com\/wp-content\/uploads\/2026\/04\/claudia-sheinbaum_2.png\",\"contentUrl\":\"https:\/\/tendencianoticias.com\/wp-content\/uploads\/2026\/04\/claudia-sheinbaum_2.png\",\"width\":1200,\"height\":630},{\"@type\":\"BreadcrumbList\",\"@id\":\"https:\/\/tendencianoticias.com\/index.php\/2026\/04\/26\/sheinbaum-condena-violencia-contra-trump-y-llama-al-dialogo\/#breadcrumb\",\"itemListElement\":[{\"@type\":\"ListItem\",\"position\":1,\"name\":\"Inicio\",\"item\":\"https:\/\/tendencianoticias.com\/\"},{\"@type\":\"ListItem\",\"position\":2,\"name\":\"Sheinbaum condena violencia contra Trump y llama al di\u00e1logo\"}]},{\"@type\":\"WebSite\",\"@id\":\"https:\/\/tendencianoticias.com\/#website\",\"url\":\"https:\/\/tendencianoticias.com\/\",\"name\":\"Tendencias noticias\",\"description\":\"Informaci\u00f3n Libre\",\"publisher\":{\"@id\":\"https:\/\/tendencianoticias.com\/#organization\"},\"potentialAction\":[{\"@type\":\"SearchAction\",\"target\":{\"@type\":\"EntryPoint\",\"urlTemplate\":\"https:\/\/tendencianoticias.com\/?s={search_term_string}\"},\"query-input\":{\"@type\":\"PropertyValueSpecification\",\"valueRequired\":true,\"valueName\":\"search_term_string\"}}],\"inLanguage\":\"es\"},{\"@type\":\"Organization\",\"@id\":\"https:\/\/tendencianoticias.com\/#organization\",\"name\":\"Tendencias noticias\",\"url\":\"https:\/\/tendencianoticias.com\/\",\"logo\":{\"@type\":\"ImageObject\",\"inLanguage\":\"es\",\"@id\":\"https:\/\/tendencianoticias.com\/#\/schema\/logo\/image\/\",\"url\":\"https:\/\/tendencianoticias.com\/wp-content\/uploads\/2024\/04\/logo-wp.png\",\"contentUrl\":\"https:\/\/tendencianoticias.com\/wp-content\/uploads\/2024\/04\/logo-wp.png\",\"width\":1024,\"height\":522,\"caption\":\"Tendencias noticias\"},\"image\":{\"@id\":\"https:\/\/tendencianoticias.com\/#\/schema\/logo\/image\/\"},\"sameAs\":[\"https:\/\/www.facebook.com\/TNnoticiasMX\",\"https:\/\/x.com\/TNnoticiasMx\",\"https:\/\/www.instagram.com\/noticias_tendencia\"]},{\"@type\":\"Person\",\"@id\":\"https:\/\/tendencianoticias.com\/#\/schema\/person\/1a9b5fc0e6a9f83086a0e0cfc2c80246\",\"name\":\"Elsy\",\"image\":{\"@type\":\"ImageObject\",\"inLanguage\":\"es\",\"@id\":\"https:\/\/secure.gravatar.com\/avatar\/521a4b71f30b64f3cc3712627b5dd375811e6a2af48eff9ea118b97cfc8145db?s=96&d=mm&r=g\",\"url\":\"https:\/\/secure.gravatar.com\/avatar\/521a4b71f30b64f3cc3712627b5dd375811e6a2af48eff9ea118b97cfc8145db?s=96&d=mm&r=g\",\"contentUrl\":\"https:\/\/secure.gravatar.com\/avatar\/521a4b71f30b64f3cc3712627b5dd375811e6a2af48eff9ea118b97cfc8145db?s=96&d=mm&r=g\",\"caption\":\"Elsy\"},\"url\":\"https:\/\/tendencianoticias.com\/index.php\/author\/elsy\/\"}]}<\/script>\n<!-- \/ Yoast SEO plugin. -->","yoast_head_json":{"title":"Sheinbaum condena violencia contra Trump y llama al di\u00e1logo - Tendencias Noticias","robots":{"index":"index","follow":"follow","max-snippet":"max-snippet:-1","max-image-preview":"max-image-preview:large","max-video-preview":"max-video-preview:-1"},"canonical":"https:\/\/tendencianoticias.com\/index.php\/2026\/04\/26\/sheinbaum-condena-violencia-contra-trump-y-llama-al-dialogo\/","og_locale":"es_MX","og_type":"article","og_title":"Sheinbaum condena violencia contra Trump y llama al di\u00e1logo - Tendencias Noticias","og_description":"En una postura firme sobre la pol\u00edtica exterior de M\u00e9xico y la estabilidad regional, la Presidenta Claudia Sheinbaum Pardo rechaz\u00f3 el atentado contra el exmandatario estadounidense Donald Trump, dejando claro que la violencia no tiene cabida en la vida p\u00fablica. A trav\u00e9s de sus canales oficiales y en su habitual encuentro con medios, la mandataria [&hellip;]","og_url":"https:\/\/tendencianoticias.com\/index.php\/2026\/04\/26\/sheinbaum-condena-violencia-contra-trump-y-llama-al-dialogo\/","og_site_name":"Tendencias Noticias","article_publisher":"https:\/\/www.facebook.com\/TNnoticiasMX","article_published_time":"2026-04-26T03:16:11+00:00","article_modified_time":"2026-04-26T03:19:11+00:00","og_image":[{"width":1200,"height":630,"url":"https:\/\/tendencianoticias.com\/wp-content\/uploads\/2026\/04\/claudia-sheinbaum_2.png","type":"image\/png"}],"author":"Elsy","twitter_card":"summary_large_image","twitter_creator":"@TNnoticiasMx","twitter_site":"@TNnoticiasMx","twitter_misc":{"Escrito por":"Elsy","Tiempo de lectura":"2 minutos"},"schema":{"@context":"https:\/\/schema.org","@graph":[{"@type":"Article","@id":"https:\/\/tendencianoticias.com\/index.php\/2026\/04\/26\/sheinbaum-condena-violencia-contra-trump-y-llama-al-dialogo\/#article","isPartOf":{"@id":"https:\/\/tendencianoticias.com\/index.php\/2026\/04\/26\/sheinbaum-condena-violencia-contra-trump-y-llama-al-dialogo\/"},"author":{"name":"Elsy","@id":"https:\/\/tendencianoticias.com\/#\/schema\/person\/1a9b5fc0e6a9f83086a0e0cfc2c80246"},"headline":"Sheinbaum condena violencia contra Trump y llama al di\u00e1logo","datePublished":"2026-04-26T03:16:11+00:00","dateModified":"2026-04-26T03:19:11+00:00","mainEntityOfPage":{"@id":"https:\/\/tendencianoticias.com\/index.php\/2026\/04\/26\/sheinbaum-condena-violencia-contra-trump-y-llama-al-dialogo\/"},"wordCount":396,"publisher":{"@id":"https:\/\/tendencianoticias.com\/#organization"},"image":{"@id":"https:\/\/tendencianoticias.com\/index.php\/2026\/04\/26\/sheinbaum-condena-violencia-contra-trump-y-llama-al-dialogo\/#primaryimage"},"thumbnailUrl":"https:\/\/tendencianoticias.com\/wp-content\/uploads\/2026\/04\/claudia-sheinbaum_2.png","keywords":["claudia sheinbaum","Donald Trump","Tiroteo"],"articleSection":["Nacional"],"inLanguage":"es"},{"@type":"WebPage","@id":"https:\/\/tendencianoticias.com\/index.php\/2026\/04\/26\/sheinbaum-condena-violencia-contra-trump-y-llama-al-dialogo\/","url":"https:\/\/tendencianoticias.com\/index.php\/2026\/04\/26\/sheinbaum-condena-violencia-contra-trump-y-llama-al-dialogo\/","name":"Sheinbaum condena violencia contra Trump y llama al di\u00e1logo - Tendencias Noticias","isPartOf":{"@id":"https:\/\/tendencianoticias.com\/#website"},"primaryImageOfPage":{"@id":"https:\/\/tendencianoticias.com\/index.php\/2026\/04\/26\/sheinbaum-condena-violencia-contra-trump-y-llama-al-dialogo\/#primaryimage"},"image":{"@id":"https:\/\/tendencianoticias.com\/index.php\/2026\/04\/26\/sheinbaum-condena-violencia-contra-trump-y-llama-al-dialogo\/#primaryimage"},"thumbnailUrl":"https:\/\/tendencianoticias.com\/wp-content\/uploads\/2026\/04\/claudia-sheinbaum_2.png","datePublished":"2026-04-26T03:16:11+00:00","dateModified":"2026-04-26T03:19:11+00:00","breadcrumb":{"@id":"https:\/\/tendencianoticias.com\/index.php\/2026\/04\/26\/sheinbaum-condena-violencia-contra-trump-y-llama-al-dialogo\/#breadcrumb"},"inLanguage":"es","potentialAction":[{"@type":"ReadAction","target":["https:\/\/tendencianoticias.com\/index.php\/2026\/04\/26\/sheinbaum-condena-violencia-contra-trump-y-llama-al-dialogo\/"]}]},{"@type":"ImageObject","inLanguage":"es","@id":"https:\/\/tendencianoticias.com\/index.php\/2026\/04\/26\/sheinbaum-condena-violencia-contra-trump-y-llama-al-dialogo\/#primaryimage","url":"https:\/\/tendencianoticias.com\/wp-content\/uploads\/2026\/04\/claudia-sheinbaum_2.png","contentUrl":"https:\/\/tendencianoticias.com\/wp-content\/uploads\/2026\/04\/claudia-sheinbaum_2.png","width":1200,"height":630},{"@type":"BreadcrumbList","@id":"https:\/\/tendencianoticias.com\/index.php\/2026\/04\/26\/sheinbaum-condena-violencia-contra-trump-y-llama-al-dialogo\/#breadcrumb","itemListElement":[{"@type":"ListItem","position":1,"name":"Inicio","item":"https:\/\/tendencianoticias.com\/"},{"@type":"ListItem","position":2,"name":"Sheinbaum condena violencia contra Trump y llama al di\u00e1logo"}]},{"@type":"WebSite","@id":"https:\/\/tendencianoticias.com\/#website","url":"https:\/\/tendencianoticias.com\/","name":"Tendencias noticias","description":"Informaci\u00f3n Libre","publisher":{"@id":"https:\/\/tendencianoticias.com\/#organization"},"potentialAction":[{"@type":"SearchAction","target":{"@type":"EntryPoint","urlTemplate":"https:\/\/tendencianoticias.com\/?s={search_term_string}"},"query-input":{"@type":"PropertyValueSpecification","valueRequired":true,"valueName":"search_term_string"}}],"inLanguage":"es"},{"@type":"Organization","@id":"https:\/\/tendencianoticias.com\/#organization","name":"Tendencias noticias","url":"https:\/\/tendencianoticias.com\/","logo":{"@type":"ImageObject","inLanguage":"es","@id":"https:\/\/tendencianoticias.com\/#\/schema\/logo\/image\/","url":"https:\/\/tendencianoticias.com\/wp-content\/uploads\/2024\/04\/logo-wp.png","contentUrl":"https:\/\/tendencianoticias.com\/wp-content\/uploads\/2024\/04\/logo-wp.png","width":1024,"height":522,"caption":"Tendencias noticias"},"image":{"@id":"https:\/\/tendencianoticias.com\/#\/schema\/logo\/image\/"},"sameAs":["https:\/\/www.facebook.com\/TNnoticiasMX","https:\/\/x.com\/TNnoticiasMx","https:\/\/www.instagram.com\/noticias_tendencia"]},{"@type":"Person","@id":"https:\/\/tendencianoticias.com\/#\/schema\/person\/1a9b5fc0e6a9f83086a0e0cfc2c80246","name":"Elsy","image":{"@type":"ImageObject","inLanguage":"es","@id":"https:\/\/secure.gravatar.com\/avatar\/521a4b71f30b64f3cc3712627b5dd375811e6a2af48eff9ea118b97cfc8145db?s=96&d=mm&r=g","url":"https:\/\/secure.gravatar.com\/avatar\/521a4b71f30b64f3cc3712627b5dd375811e6a2af48eff9ea118b97cfc8145db?s=96&d=mm&r=g","contentUrl":"https:\/\/secure.gravatar.com\/avatar\/521a4b71f30b64f3cc3712627b5dd375811e6a2af48eff9ea118b97cfc8145db?s=96&d=mm&r=g","caption":"Elsy"},"url":"https:\/\/tendencianoticias.com\/index.php\/author\/elsy\/"}]}},"jetpack_featured_media_url":"https:\/\/tendencianoticias.com\/wp-content\/uploads\/2026\/04\/claudia-sheinbaum_2.png","jetpack_sharing_enabled":true,"amp_enabled":true,"_links":{"self":[{"href":"https:\/\/tendencianoticias.com\/index.php\/wp-json\/wp\/v2\/posts\/8557","targetHints":{"allow":["GET"]}}],"collection":[{"href":"https:\/\/tendencianoticias.com\/index.php\/wp-json\/wp\/v2\/posts"}],"about":[{"href":"https:\/\/tendencianoticias.com\/index.php\/wp-json\/wp\/v2\/types\/post"}],"author":[{"embeddable":true,"href":"https:\/\/tendencianoticias.com\/index.php\/wp-json\/wp\/v2\/users\/4"}],"replies":[{"embeddable":true,"href":"https:\/\/tendencianoticias.com\/index.php\/wp-json\/wp\/v2\/comments?post=8557"}],"version-history":[{"count":1,"href":"https:\/\/tendencianoticias.com\/index.php\/wp-json\/wp\/v2\/posts\/8557\/revisions"}],"predecessor-version":[{"id":8559,"href":"https:\/\/tendencianoticias.com\/index.php\/wp-json\/wp\/v2\/posts\/8557\/revisions\/8559"}],"wp:featuredmedia":[{"embeddable":true,"href":"https:\/\/tendencianoticias.com\/index.php\/wp-json\/wp\/v2\/media\/8560"}],"wp:attachment":[{"href":"https:\/\/tendencianoticias.com\/index.php\/wp-json\/wp\/v2\/media?parent=8557"}],"wp:term":[{"taxonomy":"category","embeddable":true,"href":"https:\/\/tendencianoticias.com\/index.php\/wp-json\/wp\/v2\/categories?post=8557"},{"taxonomy":"post_tag","embeddable":true,"href":"https:\/\/tendencianoticias.com\/index.php\/wp-json\/wp\/v2\/tags?post=8557"}],"curies":[{"name":"wp","href":"https:\/\/api.w.org\/{rel}","templated":true}]}}