{"id":8561,"date":"2026-04-26T04:13:08","date_gmt":"2026-04-26T04:13:08","guid":{"rendered":"https:\/\/tendencianoticias.com\/?p=8561"},"modified":"2026-04-26T04:13:08","modified_gmt":"2026-04-26T04:13:08","slug":"trump-identifica-a-tirador-y-lo-califica-como-lobo-solitario","status":"publish","type":"post","link":"https:\/\/tendencianoticias.com\/index.php\/2026\/04\/26\/trump-identifica-a-tirador-y-lo-califica-como-lobo-solitario\/","title":{"rendered":"Trump identifica a tirador y lo califica como &#8216;lobo solitario&#8217;"},"content":{"rendered":"<p data-start=\"77\" data-end=\"342\">Tras el tiroteo ocurrido durante la cena anual de corresponsales de la Casa Blanca, el presidente de Estados Unidos, <span class=\"hover:entity-accent entity-underline inline cursor-pointer align-baseline\"><span class=\"whitespace-normal\">Donald Trump<\/span><\/span>, inform\u00f3 que el presunto responsable fue detenido y se\u00f1al\u00f3 que se trata de un hombre originario de California.<\/p>\n<p data-start=\"344\" data-end=\"793\">A trav\u00e9s de su cuenta en <span class=\"hover:entity-accent entity-underline inline cursor-pointer align-baseline\"><span class=\"whitespace-normal\">Truth Social<\/span><\/span>, el mandatario revel\u00f3 la identidad del sospechoso como Cole Thomas Allen, de 31 a\u00f1os, adem\u00e1s de difundir su fotograf\u00eda. Hasta el momento, no se han confirmado los motivos del ataque, aunque Trump descart\u00f3 cualquier v\u00ednculo con el conflicto que Estados Unidos mantiene con <span class=\"hover:entity-accent entity-underline inline cursor-pointer align-baseline\"><span class=\"whitespace-normal\">Ir\u00e1n<\/span><\/span>. \u201cEsta gente est\u00e1 loca y hay que lidiar con ello, es gente enferma\u201d, afirm\u00f3.<\/p>\n<h2 data-start=\"795\" data-end=\"833\"><strong data-start=\"795\" data-end=\"833\">\u201cUn lobo solitario\u201d, asegura Trump<\/strong><\/h2>\n<p data-start=\"835\" data-end=\"1099\">Durante una conferencia de prensa en la Casa Blanca, el presidente describi\u00f3 al atacante como un individuo que actu\u00f3 por cuenta propia. \u201cTengo la impresi\u00f3n de que era un lobo solitario chiflado. Son unos locos. Son unos locos y hay que ocuparse de ellos\u201d, declar\u00f3.<\/p>\n<p data-start=\"835\" data-end=\"1099\"><img loading=\"lazy\" decoding=\"async\" class=\"aligncenter size-full wp-image-8563\" src=\"https:\/\/tendencianoticias.com\/wp-content\/uploads\/2026\/04\/tiroteo.jpeg\" alt=\"\" width=\"800\" height=\"450\" srcset=\"https:\/\/tendencianoticias.com\/wp-content\/uploads\/2026\/04\/tiroteo.jpeg 800w, https:\/\/tendencianoticias.com\/wp-content\/uploads\/2026\/04\/tiroteo-300x169.jpeg 300w, https:\/\/tendencianoticias.com\/wp-content\/uploads\/2026\/04\/tiroteo-768x432.jpeg 768w, https:\/\/tendencianoticias.com\/wp-content\/uploads\/2026\/04\/tiroteo-747x420.jpeg 747w, https:\/\/tendencianoticias.com\/wp-content\/uploads\/2026\/04\/tiroteo-640x360.jpeg 640w, https:\/\/tendencianoticias.com\/wp-content\/uploads\/2026\/04\/tiroteo-681x383.jpeg 681w\" sizes=\"auto, (max-width: 800px) 100vw, 800px\" \/><\/p>\n<p data-start=\"1101\" data-end=\"1396\">Tambi\u00e9n detall\u00f3 que el agresor portaba varias armas y logr\u00f3 herir a uno de los agentes de seguridad presentes en el evento. El elemento sobrevivi\u00f3 gracias a que llevaba un chaleco antibalas. En ese contexto, Trump reiter\u00f3 su postura firme: \u201cNo permitiremos que nadie amedrente a nuestra naci\u00f3n\u201d.<\/p>\n<p data-start=\"1101\" data-end=\"1396\"><iframe class=\"truthsocial-embed\" style=\"max-width: 100%; border: 0;\" src=\"https:\/\/truthsocial.com\/@realDonaldTrump\/116468652963767750\/embed\" width=\"600\" allowfullscreen=\"allowfullscreen\"><\/iframe><script src=\"https:\/\/truthsocial.com\/embed.js\" async=\"async\"><\/script><\/p>\n<h2 data-start=\"1398\" data-end=\"1452\"><strong data-start=\"1398\" data-end=\"1452\">Cena ser\u00e1 reprogramada y contin\u00faa la investigaci\u00f3n<\/strong><\/h2>\n<p data-start=\"1454\" data-end=\"1732\">El mandatario confirm\u00f3 que la cena ser\u00e1 reagendada dentro de 30 d\u00edas, mientras avanzan las investigaciones. Asimismo, mencion\u00f3 que ha estudiado casos de \u201casesinatos\u201d y sostuvo que las personas que generan cambios \u2014en alusi\u00f3n a su figura\u2014 suelen convertirse en blanco de ataques.<\/p>\n<p data-start=\"1734\" data-end=\"2068\">De acuerdo con lo difundido, im\u00e1genes de seguridad del hotel muestran a Cole Thomas Allen intentando huir de los agentes, quienes reaccionaron de inmediato para neutralizarlo. Trump tambi\u00e9n reconoci\u00f3 la reacci\u00f3n de la primera dama, <span class=\"hover:entity-accent entity-underline inline cursor-pointer align-baseline\"><span class=\"whitespace-normal\">Melania Trump<\/span><\/span>, destacando que supo actuar adecuadamente en medio de la crisis.<\/p>\n<p data-start=\"2070\" data-end=\"2336\" data-is-last-node=\"\" data-is-only-node=\"\">Ni el mandatario ni el Servicio Secreto ofrecieron m\u00e1s detalles, al se\u00f1alar que se trata de una investigaci\u00f3n en curso. Sin embargo, adelantaron que el sospechoso comparecer\u00e1 el lunes ante la justicia por cargos relacionados con portaci\u00f3n ilegal de armas y agresi\u00f3n.<\/p>\n<div style=\"width: 360px;\" class=\"wp-video\"><video class=\"wp-video-shortcode\" id=\"video-8561-1\" width=\"360\" height=\"640\" preload=\"metadata\" controls=\"controls\"><source type=\"video\/mp4\" src=\"https:\/\/tendencianoticias.com\/wp-content\/uploads\/2026\/04\/donald_trump.mp4?_=1\" \/><a href=\"https:\/\/tendencianoticias.com\/wp-content\/uploads\/2026\/04\/donald_trump.mp4\">https:\/\/tendencianoticias.com\/wp-content\/uploads\/2026\/04\/donald_trump.mp4<\/a><\/video><\/div>\n","protected":false},"excerpt":{"rendered":"<p>Tras el tiroteo ocurrido durante la cena anual de corresponsales de la Casa Blanca, el presidente de Estados Unidos, Donald Trump, inform\u00f3 que el presunto responsable fue detenido y se\u00f1al\u00f3 que se trata de un hombre originario de California. A trav\u00e9s de su cuenta en Truth Social, el mandatario revel\u00f3 la identidad del sospechoso como [&hellip;]<\/p>\n","protected":false},"author":4,"featured_media":8564,"comment_status":"closed","ping_status":"closed","sticky":false,"template":"","format":"standard","meta":{"inline_featured_image":false,"_jetpack_memberships_contains_paid_content":false,"footnotes":""},"categories":[233],"tags":[185,1021],"class_list":["post-8561","post","type-post","status-publish","format-standard","has-post-thumbnail","hentry","category-internacional","tag-donald-trump","tag-tiroteo"],"yoast_head":"<!-- This site is optimized with the Yoast SEO plugin v27.2 - https:\/\/yoast.com\/product\/yoast-seo-wordpress\/ -->\n<title>Trump identifica a tirador y lo califica como &#039;lobo solitario&#039; - Tendencias Noticias<\/title>\n<meta name=\"robots\" content=\"index, follow, max-snippet:-1, max-image-preview:large, max-video-preview:-1\" \/>\n<link rel=\"canonical\" href=\"https:\/\/tendencianoticias.com\/index.php\/2026\/04\/26\/trump-identifica-a-tirador-y-lo-califica-como-lobo-solitario\/\" \/>\n<meta property=\"og:locale\" content=\"es_MX\" \/>\n<meta property=\"og:type\" content=\"article\" \/>\n<meta property=\"og:title\" content=\"Trump identifica a tirador y lo califica como &#039;lobo solitario&#039; - Tendencias Noticias\" \/>\n<meta property=\"og:description\" content=\"Tras el tiroteo ocurrido durante la cena anual de corresponsales de la Casa Blanca, el presidente de Estados Unidos, Donald Trump, inform\u00f3 que el presunto responsable fue detenido y se\u00f1al\u00f3 que se trata de un hombre originario de California. A trav\u00e9s de su cuenta en Truth Social, el mandatario revel\u00f3 la identidad del sospechoso como [&hellip;]\" \/>\n<meta property=\"og:url\" content=\"https:\/\/tendencianoticias.com\/index.php\/2026\/04\/26\/trump-identifica-a-tirador-y-lo-califica-como-lobo-solitario\/\" \/>\n<meta property=\"og:site_name\" content=\"Tendencias Noticias\" \/>\n<meta property=\"article:publisher\" content=\"https:\/\/www.facebook.com\/TNnoticiasMX\" \/>\n<meta property=\"article:published_time\" content=\"2026-04-26T04:13:08+00:00\" \/>\n<meta property=\"og:image\" content=\"https:\/\/tendencianoticias.com\/wp-content\/uploads\/2026\/04\/Screenshot-2026-04-25-10.11.22-PM.png\" \/>\n\t<meta property=\"og:image:width\" content=\"1919\" \/>\n\t<meta property=\"og:image:height\" content=\"995\" \/>\n\t<meta property=\"og:image:type\" content=\"image\/png\" \/>\n<meta name=\"author\" content=\"Elsy\" \/>\n<meta name=\"twitter:card\" content=\"summary_large_image\" \/>\n<meta name=\"twitter:creator\" content=\"@TNnoticiasMx\" \/>\n<meta name=\"twitter:site\" content=\"@TNnoticiasMx\" \/>\n<meta name=\"twitter:label1\" content=\"Escrito por\" \/>\n\t<meta name=\"twitter:data1\" content=\"Elsy\" \/>\n\t<meta name=\"twitter:label2\" content=\"Tiempo de lectura\" \/>\n\t<meta name=\"twitter:data2\" content=\"2 minutos\" \/>\n<script type=\"application\/ld+json\" class=\"yoast-schema-graph\">{\"@context\":\"https:\/\/schema.org\",\"@graph\":[{\"@type\":\"Article\",\"@id\":\"https:\/\/tendencianoticias.com\/index.php\/2026\/04\/26\/trump-identifica-a-tirador-y-lo-califica-como-lobo-solitario\/#article\",\"isPartOf\":{\"@id\":\"https:\/\/tendencianoticias.com\/index.php\/2026\/04\/26\/trump-identifica-a-tirador-y-lo-califica-como-lobo-solitario\/\"},\"author\":{\"name\":\"Elsy\",\"@id\":\"https:\/\/tendencianoticias.com\/#\/schema\/person\/1a9b5fc0e6a9f83086a0e0cfc2c80246\"},\"headline\":\"Trump identifica a tirador y lo califica como &#8216;lobo solitario&#8217;\",\"datePublished\":\"2026-04-26T04:13:08+00:00\",\"mainEntityOfPage\":{\"@id\":\"https:\/\/tendencianoticias.com\/index.php\/2026\/04\/26\/trump-identifica-a-tirador-y-lo-califica-como-lobo-solitario\/\"},\"wordCount\":385,\"publisher\":{\"@id\":\"https:\/\/tendencianoticias.com\/#organization\"},\"image\":{\"@id\":\"https:\/\/tendencianoticias.com\/index.php\/2026\/04\/26\/trump-identifica-a-tirador-y-lo-califica-como-lobo-solitario\/#primaryimage\"},\"thumbnailUrl\":\"https:\/\/tendencianoticias.com\/wp-content\/uploads\/2026\/04\/Screenshot-2026-04-25-10.11.22-PM.png\",\"keywords\":[\"Donald Trump\",\"Tiroteo\"],\"articleSection\":[\"Internacional\"],\"inLanguage\":\"es\"},{\"@type\":\"WebPage\",\"@id\":\"https:\/\/tendencianoticias.com\/index.php\/2026\/04\/26\/trump-identifica-a-tirador-y-lo-califica-como-lobo-solitario\/\",\"url\":\"https:\/\/tendencianoticias.com\/index.php\/2026\/04\/26\/trump-identifica-a-tirador-y-lo-califica-como-lobo-solitario\/\",\"name\":\"Trump identifica a tirador y lo califica como 'lobo solitario' - Tendencias Noticias\",\"isPartOf\":{\"@id\":\"https:\/\/tendencianoticias.com\/#website\"},\"primaryImageOfPage\":{\"@id\":\"https:\/\/tendencianoticias.com\/index.php\/2026\/04\/26\/trump-identifica-a-tirador-y-lo-califica-como-lobo-solitario\/#primaryimage\"},\"image\":{\"@id\":\"https:\/\/tendencianoticias.com\/index.php\/2026\/04\/26\/trump-identifica-a-tirador-y-lo-califica-como-lobo-solitario\/#primaryimage\"},\"thumbnailUrl\":\"https:\/\/tendencianoticias.com\/wp-content\/uploads\/2026\/04\/Screenshot-2026-04-25-10.11.22-PM.png\",\"datePublished\":\"2026-04-26T04:13:08+00:00\",\"breadcrumb\":{\"@id\":\"https:\/\/tendencianoticias.com\/index.php\/2026\/04\/26\/trump-identifica-a-tirador-y-lo-califica-como-lobo-solitario\/#breadcrumb\"},\"inLanguage\":\"es\",\"potentialAction\":[{\"@type\":\"ReadAction\",\"target\":[\"https:\/\/tendencianoticias.com\/index.php\/2026\/04\/26\/trump-identifica-a-tirador-y-lo-califica-como-lobo-solitario\/\"]}]},{\"@type\":\"ImageObject\",\"inLanguage\":\"es\",\"@id\":\"https:\/\/tendencianoticias.com\/index.php\/2026\/04\/26\/trump-identifica-a-tirador-y-lo-califica-como-lobo-solitario\/#primaryimage\",\"url\":\"https:\/\/tendencianoticias.com\/wp-content\/uploads\/2026\/04\/Screenshot-2026-04-25-10.11.22-PM.png\",\"contentUrl\":\"https:\/\/tendencianoticias.com\/wp-content\/uploads\/2026\/04\/Screenshot-2026-04-25-10.11.22-PM.png\",\"width\":1919,\"height\":995},{\"@type\":\"BreadcrumbList\",\"@id\":\"https:\/\/tendencianoticias.com\/index.php\/2026\/04\/26\/trump-identifica-a-tirador-y-lo-califica-como-lobo-solitario\/#breadcrumb\",\"itemListElement\":[{\"@type\":\"ListItem\",\"position\":1,\"name\":\"Inicio\",\"item\":\"https:\/\/tendencianoticias.com\/\"},{\"@type\":\"ListItem\",\"position\":2,\"name\":\"Trump identifica a tirador y lo califica como &#8216;lobo solitario&#8217;\"}]},{\"@type\":\"WebSite\",\"@id\":\"https:\/\/tendencianoticias.com\/#website\",\"url\":\"https:\/\/tendencianoticias.com\/\",\"name\":\"Tendencias noticias\",\"description\":\"Informaci\u00f3n Libre\",\"publisher\":{\"@id\":\"https:\/\/tendencianoticias.com\/#organization\"},\"potentialAction\":[{\"@type\":\"SearchAction\",\"target\":{\"@type\":\"EntryPoint\",\"urlTemplate\":\"https:\/\/tendencianoticias.com\/?s={search_term_string}\"},\"query-input\":{\"@type\":\"PropertyValueSpecification\",\"valueRequired\":true,\"valueName\":\"search_term_string\"}}],\"inLanguage\":\"es\"},{\"@type\":\"Organization\",\"@id\":\"https:\/\/tendencianoticias.com\/#organization\",\"name\":\"Tendencias noticias\",\"url\":\"https:\/\/tendencianoticias.com\/\",\"logo\":{\"@type\":\"ImageObject\",\"inLanguage\":\"es\",\"@id\":\"https:\/\/tendencianoticias.com\/#\/schema\/logo\/image\/\",\"url\":\"https:\/\/tendencianoticias.com\/wp-content\/uploads\/2024\/04\/logo-wp.png\",\"contentUrl\":\"https:\/\/tendencianoticias.com\/wp-content\/uploads\/2024\/04\/logo-wp.png\",\"width\":1024,\"height\":522,\"caption\":\"Tendencias noticias\"},\"image\":{\"@id\":\"https:\/\/tendencianoticias.com\/#\/schema\/logo\/image\/\"},\"sameAs\":[\"https:\/\/www.facebook.com\/TNnoticiasMX\",\"https:\/\/x.com\/TNnoticiasMx\",\"https:\/\/www.instagram.com\/noticias_tendencia\"]},{\"@type\":\"Person\",\"@id\":\"https:\/\/tendencianoticias.com\/#\/schema\/person\/1a9b5fc0e6a9f83086a0e0cfc2c80246\",\"name\":\"Elsy\",\"image\":{\"@type\":\"ImageObject\",\"inLanguage\":\"es\",\"@id\":\"https:\/\/secure.gravatar.com\/avatar\/521a4b71f30b64f3cc3712627b5dd375811e6a2af48eff9ea118b97cfc8145db?s=96&d=mm&r=g\",\"url\":\"https:\/\/secure.gravatar.com\/avatar\/521a4b71f30b64f3cc3712627b5dd375811e6a2af48eff9ea118b97cfc8145db?s=96&d=mm&r=g\",\"contentUrl\":\"https:\/\/secure.gravatar.com\/avatar\/521a4b71f30b64f3cc3712627b5dd375811e6a2af48eff9ea118b97cfc8145db?s=96&d=mm&r=g\",\"caption\":\"Elsy\"},\"url\":\"https:\/\/tendencianoticias.com\/index.php\/author\/elsy\/\"}]}<\/script>\n<!-- \/ Yoast SEO plugin. -->","yoast_head_json":{"title":"Trump identifica a tirador y lo califica como 'lobo solitario' - Tendencias Noticias","robots":{"index":"index","follow":"follow","max-snippet":"max-snippet:-1","max-image-preview":"max-image-preview:large","max-video-preview":"max-video-preview:-1"},"canonical":"https:\/\/tendencianoticias.com\/index.php\/2026\/04\/26\/trump-identifica-a-tirador-y-lo-califica-como-lobo-solitario\/","og_locale":"es_MX","og_type":"article","og_title":"Trump identifica a tirador y lo califica como 'lobo solitario' - Tendencias Noticias","og_description":"Tras el tiroteo ocurrido durante la cena anual de corresponsales de la Casa Blanca, el presidente de Estados Unidos, Donald Trump, inform\u00f3 que el presunto responsable fue detenido y se\u00f1al\u00f3 que se trata de un hombre originario de California. A trav\u00e9s de su cuenta en Truth Social, el mandatario revel\u00f3 la identidad del sospechoso como [&hellip;]","og_url":"https:\/\/tendencianoticias.com\/index.php\/2026\/04\/26\/trump-identifica-a-tirador-y-lo-califica-como-lobo-solitario\/","og_site_name":"Tendencias Noticias","article_publisher":"https:\/\/www.facebook.com\/TNnoticiasMX","article_published_time":"2026-04-26T04:13:08+00:00","og_image":[{"width":1919,"height":995,"url":"https:\/\/tendencianoticias.com\/wp-content\/uploads\/2026\/04\/Screenshot-2026-04-25-10.11.22-PM.png","type":"image\/png"}],"author":"Elsy","twitter_card":"summary_large_image","twitter_creator":"@TNnoticiasMx","twitter_site":"@TNnoticiasMx","twitter_misc":{"Escrito por":"Elsy","Tiempo de lectura":"2 minutos"},"schema":{"@context":"https:\/\/schema.org","@graph":[{"@type":"Article","@id":"https:\/\/tendencianoticias.com\/index.php\/2026\/04\/26\/trump-identifica-a-tirador-y-lo-califica-como-lobo-solitario\/#article","isPartOf":{"@id":"https:\/\/tendencianoticias.com\/index.php\/2026\/04\/26\/trump-identifica-a-tirador-y-lo-califica-como-lobo-solitario\/"},"author":{"name":"Elsy","@id":"https:\/\/tendencianoticias.com\/#\/schema\/person\/1a9b5fc0e6a9f83086a0e0cfc2c80246"},"headline":"Trump identifica a tirador y lo califica como &#8216;lobo solitario&#8217;","datePublished":"2026-04-26T04:13:08+00:00","mainEntityOfPage":{"@id":"https:\/\/tendencianoticias.com\/index.php\/2026\/04\/26\/trump-identifica-a-tirador-y-lo-califica-como-lobo-solitario\/"},"wordCount":385,"publisher":{"@id":"https:\/\/tendencianoticias.com\/#organization"},"image":{"@id":"https:\/\/tendencianoticias.com\/index.php\/2026\/04\/26\/trump-identifica-a-tirador-y-lo-califica-como-lobo-solitario\/#primaryimage"},"thumbnailUrl":"https:\/\/tendencianoticias.com\/wp-content\/uploads\/2026\/04\/Screenshot-2026-04-25-10.11.22-PM.png","keywords":["Donald Trump","Tiroteo"],"articleSection":["Internacional"],"inLanguage":"es"},{"@type":"WebPage","@id":"https:\/\/tendencianoticias.com\/index.php\/2026\/04\/26\/trump-identifica-a-tirador-y-lo-califica-como-lobo-solitario\/","url":"https:\/\/tendencianoticias.com\/index.php\/2026\/04\/26\/trump-identifica-a-tirador-y-lo-califica-como-lobo-solitario\/","name":"Trump identifica a tirador y lo califica como 'lobo solitario' - Tendencias Noticias","isPartOf":{"@id":"https:\/\/tendencianoticias.com\/#website"},"primaryImageOfPage":{"@id":"https:\/\/tendencianoticias.com\/index.php\/2026\/04\/26\/trump-identifica-a-tirador-y-lo-califica-como-lobo-solitario\/#primaryimage"},"image":{"@id":"https:\/\/tendencianoticias.com\/index.php\/2026\/04\/26\/trump-identifica-a-tirador-y-lo-califica-como-lobo-solitario\/#primaryimage"},"thumbnailUrl":"https:\/\/tendencianoticias.com\/wp-content\/uploads\/2026\/04\/Screenshot-2026-04-25-10.11.22-PM.png","datePublished":"2026-04-26T04:13:08+00:00","breadcrumb":{"@id":"https:\/\/tendencianoticias.com\/index.php\/2026\/04\/26\/trump-identifica-a-tirador-y-lo-califica-como-lobo-solitario\/#breadcrumb"},"inLanguage":"es","potentialAction":[{"@type":"ReadAction","target":["https:\/\/tendencianoticias.com\/index.php\/2026\/04\/26\/trump-identifica-a-tirador-y-lo-califica-como-lobo-solitario\/"]}]},{"@type":"ImageObject","inLanguage":"es","@id":"https:\/\/tendencianoticias.com\/index.php\/2026\/04\/26\/trump-identifica-a-tirador-y-lo-califica-como-lobo-solitario\/#primaryimage","url":"https:\/\/tendencianoticias.com\/wp-content\/uploads\/2026\/04\/Screenshot-2026-04-25-10.11.22-PM.png","contentUrl":"https:\/\/tendencianoticias.com\/wp-content\/uploads\/2026\/04\/Screenshot-2026-04-25-10.11.22-PM.png","width":1919,"height":995},{"@type":"BreadcrumbList","@id":"https:\/\/tendencianoticias.com\/index.php\/2026\/04\/26\/trump-identifica-a-tirador-y-lo-califica-como-lobo-solitario\/#breadcrumb","itemListElement":[{"@type":"ListItem","position":1,"name":"Inicio","item":"https:\/\/tendencianoticias.com\/"},{"@type":"ListItem","position":2,"name":"Trump identifica a tirador y lo califica como &#8216;lobo solitario&#8217;"}]},{"@type":"WebSite","@id":"https:\/\/tendencianoticias.com\/#website","url":"https:\/\/tendencianoticias.com\/","name":"Tendencias noticias","description":"Informaci\u00f3n Libre","publisher":{"@id":"https:\/\/tendencianoticias.com\/#organization"},"potentialAction":[{"@type":"SearchAction","target":{"@type":"EntryPoint","urlTemplate":"https:\/\/tendencianoticias.com\/?s={search_term_string}"},"query-input":{"@type":"PropertyValueSpecification","valueRequired":true,"valueName":"search_term_string"}}],"inLanguage":"es"},{"@type":"Organization","@id":"https:\/\/tendencianoticias.com\/#organization","name":"Tendencias noticias","url":"https:\/\/tendencianoticias.com\/","logo":{"@type":"ImageObject","inLanguage":"es","@id":"https:\/\/tendencianoticias.com\/#\/schema\/logo\/image\/","url":"https:\/\/tendencianoticias.com\/wp-content\/uploads\/2024\/04\/logo-wp.png","contentUrl":"https:\/\/tendencianoticias.com\/wp-content\/uploads\/2024\/04\/logo-wp.png","width":1024,"height":522,"caption":"Tendencias noticias"},"image":{"@id":"https:\/\/tendencianoticias.com\/#\/schema\/logo\/image\/"},"sameAs":["https:\/\/www.facebook.com\/TNnoticiasMX","https:\/\/x.com\/TNnoticiasMx","https:\/\/www.instagram.com\/noticias_tendencia"]},{"@type":"Person","@id":"https:\/\/tendencianoticias.com\/#\/schema\/person\/1a9b5fc0e6a9f83086a0e0cfc2c80246","name":"Elsy","image":{"@type":"ImageObject","inLanguage":"es","@id":"https:\/\/secure.gravatar.com\/avatar\/521a4b71f30b64f3cc3712627b5dd375811e6a2af48eff9ea118b97cfc8145db?s=96&d=mm&r=g","url":"https:\/\/secure.gravatar.com\/avatar\/521a4b71f30b64f3cc3712627b5dd375811e6a2af48eff9ea118b97cfc8145db?s=96&d=mm&r=g","contentUrl":"https:\/\/secure.gravatar.com\/avatar\/521a4b71f30b64f3cc3712627b5dd375811e6a2af48eff9ea118b97cfc8145db?s=96&d=mm&r=g","caption":"Elsy"},"url":"https:\/\/tendencianoticias.com\/index.php\/author\/elsy\/"}]}},"jetpack_featured_media_url":"https:\/\/tendencianoticias.com\/wp-content\/uploads\/2026\/04\/Screenshot-2026-04-25-10.11.22-PM.png","jetpack_sharing_enabled":true,"amp_enabled":true,"_links":{"self":[{"href":"https:\/\/tendencianoticias.com\/index.php\/wp-json\/wp\/v2\/posts\/8561","targetHints":{"allow":["GET"]}}],"collection":[{"href":"https:\/\/tendencianoticias.com\/index.php\/wp-json\/wp\/v2\/posts"}],"about":[{"href":"https:\/\/tendencianoticias.com\/index.php\/wp-json\/wp\/v2\/types\/post"}],"author":[{"embeddable":true,"href":"https:\/\/tendencianoticias.com\/index.php\/wp-json\/wp\/v2\/users\/4"}],"replies":[{"embeddable":true,"href":"https:\/\/tendencianoticias.com\/index.php\/wp-json\/wp\/v2\/comments?post=8561"}],"version-history":[{"count":1,"href":"https:\/\/tendencianoticias.com\/index.php\/wp-json\/wp\/v2\/posts\/8561\/revisions"}],"predecessor-version":[{"id":8565,"href":"https:\/\/tendencianoticias.com\/index.php\/wp-json\/wp\/v2\/posts\/8561\/revisions\/8565"}],"wp:featuredmedia":[{"embeddable":true,"href":"https:\/\/tendencianoticias.com\/index.php\/wp-json\/wp\/v2\/media\/8564"}],"wp:attachment":[{"href":"https:\/\/tendencianoticias.com\/index.php\/wp-json\/wp\/v2\/media?parent=8561"}],"wp:term":[{"taxonomy":"category","embeddable":true,"href":"https:\/\/tendencianoticias.com\/index.php\/wp-json\/wp\/v2\/categories?post=8561"},{"taxonomy":"post_tag","embeddable":true,"href":"https:\/\/tendencianoticias.com\/index.php\/wp-json\/wp\/v2\/tags?post=8561"}],"curies":[{"name":"wp","href":"https:\/\/api.w.org\/{rel}","templated":true}]}}